{"id":1416,"date":"2025-02-23T10:35:48","date_gmt":"2025-02-23T03:35:48","guid":{"rendered":"https:\/\/vnelevator.com\/?p=1416"},"modified":"2025-04-05T09:41:31","modified_gmt":"2025-04-05T02:41:31","slug":"tiem-nang-phat-trien-thi-truong-thang-may-tai-viet-nam","status":"publish","type":"post","link":"https:\/\/vnelevator.com\/en\/tiem-nang-phat-trien-thi-truong-thang-may-tai-viet-nam\/","title":{"rendered":"The potential for elevator market development in Vietnam"},"content":{"rendered":"<div class=\"kk-star-ratings kksr-auto kksr-align-left kksr-valign-top\"\n    data-payload='{&quot;align&quot;:&quot;left&quot;,&quot;id&quot;:&quot;1416&quot;,&quot;slug&quot;:&quot;default&quot;,&quot;valign&quot;:&quot;top&quot;,&quot;ignore&quot;:&quot;&quot;,&quot;reference&quot;:&quot;auto&quot;,&quot;class&quot;:&quot;&quot;,&quot;count&quot;:&quot;0&quot;,&quot;legendonly&quot;:&quot;&quot;,&quot;readonly&quot;:&quot;&quot;,&quot;score&quot;:&quot;0&quot;,&quot;starsonly&quot;:&quot;&quot;,&quot;best&quot;:&quot;5&quot;,&quot;gap&quot;:&quot;5&quot;,&quot;greet&quot;:&quot;Rate this post&quot;,&quot;legend&quot;:&quot;0\\\/5 - (0 votes)&quot;,&quot;size&quot;:&quot;24&quot;,&quot;title&quot;:&quot;Ti\u1ec1m n\u0103ng ph\u00e1t tri\u1ec3n th\u1ecb tr\u01b0\u1eddng thang m\u00e1y t\u1ea1i Vi\u1ec7t Nam&quot;,&quot;width&quot;:&quot;0&quot;,&quot;_legend&quot;:&quot;{score}\\\/{best} - ({count} {votes})&quot;,&quot;font_factor&quot;:&quot;1.25&quot;}'>\n            \n<div class=\"kksr-stars\">\n    \n<div class=\"kksr-stars-inactive\">\n            <div class=\"kksr-star\" data-star=\"1\" style=\"padding-right: 5px\">\n            \n\n<div class=\"kksr-icon\" style=\"width: 24px; height: 24px;\"><\/div>\n        <\/div>\n            <div class=\"kksr-star\" data-star=\"2\" style=\"padding-right: 5px\">\n            \n\n<div class=\"kksr-icon\" style=\"width: 24px; height: 24px;\"><\/div>\n        <\/div>\n            <div class=\"kksr-star\" data-star=\"3\" style=\"padding-right: 5px\">\n            \n\n<div class=\"kksr-icon\" style=\"width: 24px; height: 24px;\"><\/div>\n        <\/div>\n            <div class=\"kksr-star\" data-star=\"4\" style=\"padding-right: 5px\">\n            \n\n<div class=\"kksr-icon\" style=\"width: 24px; height: 24px;\"><\/div>\n        <\/div>\n            <div class=\"kksr-star\" data-star=\"5\" style=\"padding-right: 5px\">\n            \n\n<div class=\"kksr-icon\" style=\"width: 24px; height: 24px;\"><\/div>\n        <\/div>\n    <\/div>\n    \n<div class=\"kksr-stars-active\" style=\"width: 0px;\">\n            <div class=\"kksr-star\" style=\"padding-right: 5px\">\n            \n\n<div class=\"kksr-icon\" style=\"width: 24px; height: 24px;\"><\/div>\n        <\/div>\n            <div class=\"kksr-star\" style=\"padding-right: 5px\">\n            \n\n<div class=\"kksr-icon\" style=\"width: 24px; height: 24px;\"><\/div>\n        <\/div>\n            <div class=\"kksr-star\" style=\"padding-right: 5px\">\n            \n\n<div class=\"kksr-icon\" style=\"width: 24px; height: 24px;\"><\/div>\n        <\/div>\n            <div class=\"kksr-star\" style=\"padding-right: 5px\">\n            \n\n<div class=\"kksr-icon\" style=\"width: 24px; height: 24px;\"><\/div>\n        <\/div>\n            <div class=\"kksr-star\" style=\"padding-right: 5px\">\n            \n\n<div class=\"kksr-icon\" style=\"width: 24px; height: 24px;\"><\/div>\n        <\/div>\n    <\/div>\n<\/div>\n                \n\n<div class=\"kksr-legend\" style=\"font-size: 19.2px;\">\n            <span class=\"kksr-muted\">Rate this post<\/span>\n    <\/div>\n    <\/div>\n\n<p>In recent years, Vietnam's elevator market has experienced significant growth and continuous expansion, driven by urbanization trends, increasing demand for convenience, and population growth. Vietnam is currently undergoing a period of rapid urban infrastructure development, with numerous apartment projects, residential areas, high-rise buildings, and commercial structures emerging nationwide. These factors have strongly fueled the growth of the elevator market.<\/p>\n\n\n\n<h2 class=\"wp-block-heading\">Urbanization trends and population growth<\/h2>\n\n\n\n<p>Vietnam is undergoing rapid urbanization, especially in major cities such as Hanoi, Ho Chi Minh City, and Da Nang. According to the General Statistics Office, the urban population rate has reached nearly 40% and is expected to continue rising in the coming years. The construction of high-rise buildings, apartment complexes, and modern commercial centers requires advanced and safe elevator systems. Consequently, the demand for elevators, particularly home elevators and freight elevators, has become increasingly urgent.<\/p>\n\n\n\n<h2 class=\"wp-block-heading\">Demand for home elevators and high-end elevators<\/h2>\n\n\n\n<p>Previously, home elevators were primarily found in luxury villas or large buildings. However, they are now becoming more common across various market segments. This trend is driven by the growing demand for convenience, time efficiency, and enhanced safety, especially for families with elderly members, children, or people with disabilities.<\/p>\n\n\n\n<p>Additionally, the rise of high-end elevators, glass elevators, and Homelift systems caters to aesthetic and personalization needs in residential design. These elevators are not just transportation tools but also essential elements in enhancing the value and lifestyle of homeowners.<\/p>\n\n\n\n<h2 class=\"wp-block-heading\">Expansion of urban areas and commercial centers<\/h2>\n\n\n\n<p>Beyond home elevators, the demand for freight elevators is also growing, particularly in industrial zones, shopping centers, and office buildings. With the increasing prevalence of commercial and service-oriented business models, construction projects require specialized elevator solutions to ensure efficient and safe cargo transportation.<\/p>\n\n\n\n<p>Furthermore, the need for elevators in serviced apartments, hotels, and office towers is rising rapidly, creating significant opportunities for businesses in the elevator industry.<\/p>\n\n\n\n<h2 class=\"wp-block-heading\">A promising market and the entry of international brands<\/h2>\n\n\n\n<p>Vietnam\u2019s elevator market is attracting interest from both domestic and international investors. Major global brands such as Mitsubishi Electric, Fuji Electric, Schindler, and Otis have established their presence in Vietnam and are expanding their market share, contributing to improvements in product quality and technology.<\/p>\n\n\n\n<p>Alongside international brands, local companies are also continuously innovating and upgrading their products to meet market demands. This competition not only enhances the diversity of options for customers in terms of quality, price, and features but also drives the overall development of the industry.<\/p>\n\n\n\n<h2 class=\"wp-block-heading\">Future growth potential<\/h2>\n\n\n\n<p>It is forecasted that Vietnam\u2019s elevator market will continue to grow strongly in the coming years, supported by ongoing construction projects and increasing elevator demand. Factors such as urban population growth, the need for convenient living, and the development of smart housing models will create significant opportunities for elevator businesses.<\/p>\n\n\n\n<p>Additionally, the adoption of new technologies, such as smart elevators with energy-saving and eco-friendly features, will be a key trend in the future. Vietnam\u2019s elevator market is not only promising in terms of scale but also offers abundant opportunities for innovation and technological advancements.<\/p>\n\n\n\n<h2 class=\"wp-block-heading\">Conclusion<\/h2>\n\n\n\n<p>With the rapid development of urban areas, high-rise buildings, and increasing living standards, Vietnam\u2019s elevator market is expected to thrive in the coming years. Businesses in the industry have significant opportunities to grow, enhance their brand value, and meet the rising customer demand for quality and advanced elevator features.<br><br><\/p>","protected":false},"excerpt":{"rendered":"<p>Trong nh\u1eefng n\u0103m qua, th\u1ecb tr\u01b0\u1eddng thang m\u00e1y t\u1ea1i Vi\u1ec7t Nam \u0111\u00e3 ch\u1ee9ng ki\u1ebfn s\u1ef1 ph\u00e1t tri\u1ec3n m\u1ea1nh m\u1ebd v\u00e0 kh\u00f4ng ng\u1eebng m\u1edf r\u1ed9ng, nh\u1edd v\u00e0o xu h\u01b0\u1edbng \u0111\u00f4 th\u1ecb h\u00f3a, nhu c\u1ea7u s\u1ed1ng ti\u1ec7n nghi ng\u00e0y c\u00e0ng cao v\u00e0 s\u1ef1 gia t\u0103ng d\u00e2n s\u1ed1. Vi\u1ec7t Nam hi\u1ec7n \u0111ang b\u01b0\u1edbc v\u00e0o giai \u0111o\u1ea1n ph\u00e1t tri\u1ec3n<br \/><a class=\"moretag\" href=\"https:\/\/vnelevator.com\/en\/tiem-nang-phat-trien-thi-truong-thang-may-tai-viet-nam\/\">+ Read More<\/a><\/p>","protected":false},"author":7,"featured_media":1241,"comment_status":"open","ping_status":"open","sticky":false,"template":"","format":"standard","meta":{"footnotes":""},"categories":[14],"tags":[31,29,32,30],"class_list":["post-1416","post","type-post","status-publish","format-standard","has-post-thumbnail","hentry","category-chua-phan-loai","tag-apartment-elevator","tag-elevator","tag-homelift-elevator","tag-market-growth"],"yoast_head":"<!-- This site is optimized with the Yoast SEO Premium plugin v22.2 (Yoast SEO v27.5) - https:\/\/yoast.com\/product\/yoast-seo-premium-wordpress\/ -->\n<title>Ti\u1ec1m n\u0103ng ph\u00e1t tri\u1ec3n th\u1ecb tr\u01b0\u1eddng thang m\u00e1y t\u1ea1i Vi\u1ec7t Nam - VNE | Elevator<\/title>\n<meta name=\"description\" content=\"T\u1ea1i sao Vi\u1ec7t Nam c\u00f3 ti\u1ec1m n\u0103ng ph\u00e1t tri\u1ec3n thang m\u00e1y m\u1ea1nh m\u1ebd v\u00e0 kh\u00f4ng ng\u1eebng m\u1edf r\u1ed9ng trong th\u1eddi gian g\u1ea7n \u0111\u00e2y?\" \/>\n<meta name=\"robots\" content=\"index, follow, max-snippet:-1, max-image-preview:large, max-video-preview:-1\" \/>\n<link rel=\"canonical\" href=\"https:\/\/vnelevator.com\/en\/tiem-nang-phat-trien-thi-truong-thang-may-tai-viet-nam\/\" \/>\n<meta property=\"og:locale\" content=\"en_US\" \/>\n<meta property=\"og:type\" content=\"article\" \/>\n<meta property=\"og:title\" content=\"Ti\u1ec1m n\u0103ng ph\u00e1t tri\u1ec3n th\u1ecb tr\u01b0\u1eddng thang m\u00e1y t\u1ea1i Vi\u1ec7t Nam\" \/>\n<meta property=\"og:description\" content=\"T\u1ea1i sao Vi\u1ec7t Nam c\u00f3 ti\u1ec1m n\u0103ng ph\u00e1t tri\u1ec3n thang m\u00e1y m\u1ea1nh m\u1ebd v\u00e0 kh\u00f4ng ng\u1eebng m\u1edf r\u1ed9ng trong th\u1eddi gian g\u1ea7n \u0111\u00e2y?\" \/>\n<meta property=\"og:url\" content=\"https:\/\/vnelevator.com\/en\/tiem-nang-phat-trien-thi-truong-thang-may-tai-viet-nam\/\" \/>\n<meta property=\"og:site_name\" content=\"VNE | Elevator\" \/>\n<meta property=\"article:published_time\" content=\"2025-02-23T03:35:48+00:00\" \/>\n<meta property=\"article:modified_time\" content=\"2025-04-05T02:41:31+00:00\" \/>\n<meta property=\"og:image\" content=\"https:\/\/vnelevator.com\/wp-content\/uploads\/2025\/02\/istockphoto-139398949-612x612-1.jpg\" \/>\n\t<meta property=\"og:image:width\" content=\"407\" \/>\n\t<meta property=\"og:image:height\" content=\"612\" \/>\n\t<meta property=\"og:image:type\" content=\"image\/jpeg\" \/>\n<meta name=\"author\" content=\"ngochan\" \/>\n<meta name=\"twitter:card\" content=\"summary_large_image\" \/>\n<meta name=\"twitter:label1\" content=\"Written by\" \/>\n\t<meta name=\"twitter:data1\" content=\"ngochan\" \/>\n\t<meta name=\"twitter:label2\" content=\"Est. reading time\" \/>\n\t<meta name=\"twitter:data2\" content=\"6 minutes\" \/>\n<script type=\"application\/ld+json\" class=\"yoast-schema-graph\">{\"@context\":\"https:\\\/\\\/schema.org\",\"@graph\":[{\"@type\":\"Article\",\"@id\":\"https:\\\/\\\/vnelevator.com\\\/tiem-nang-phat-trien-thi-truong-thang-may-tai-viet-nam\\\/#article\",\"isPartOf\":{\"@id\":\"https:\\\/\\\/vnelevator.com\\\/tiem-nang-phat-trien-thi-truong-thang-may-tai-viet-nam\\\/\"},\"author\":{\"name\":\"ngochan\",\"@id\":\"https:\\\/\\\/vnelevator.com\\\/en\\\/#\\\/schema\\\/person\\\/2b4d99c84f18acbcc513a4db8209fd74\"},\"headline\":\"Ti\u1ec1m n\u0103ng ph\u00e1t tri\u1ec3n th\u1ecb tr\u01b0\u1eddng thang m\u00e1y t\u1ea1i Vi\u1ec7t Nam\",\"datePublished\":\"2025-02-23T03:35:48+00:00\",\"dateModified\":\"2025-04-05T02:41:31+00:00\",\"mainEntityOfPage\":{\"@id\":\"https:\\\/\\\/vnelevator.com\\\/tiem-nang-phat-trien-thi-truong-thang-may-tai-viet-nam\\\/\"},\"wordCount\":1371,\"commentCount\":0,\"publisher\":{\"@id\":\"https:\\\/\\\/vnelevator.com\\\/en\\\/#organization\"},\"image\":{\"@id\":\"https:\\\/\\\/vnelevator.com\\\/tiem-nang-phat-trien-thi-truong-thang-may-tai-viet-nam\\\/#primaryimage\"},\"thumbnailUrl\":\"https:\\\/\\\/vnelevator.com\\\/wp-content\\\/uploads\\\/2025\\\/02\\\/istockphoto-139398949-612x612-1.jpg\",\"keywords\":[\"apartment elevator\",\"elevator\",\"homelift elevator\",\"market growth\"],\"articleSection\":[\"Ch\u01b0a ph\u00e2n lo\u1ea1i\"],\"inLanguage\":\"en-US\",\"potentialAction\":[{\"@type\":\"CommentAction\",\"name\":\"Comment\",\"target\":[\"https:\\\/\\\/vnelevator.com\\\/tiem-nang-phat-trien-thi-truong-thang-may-tai-viet-nam\\\/#respond\"]}]},{\"@type\":\"WebPage\",\"@id\":\"https:\\\/\\\/vnelevator.com\\\/tiem-nang-phat-trien-thi-truong-thang-may-tai-viet-nam\\\/\",\"url\":\"https:\\\/\\\/vnelevator.com\\\/tiem-nang-phat-trien-thi-truong-thang-may-tai-viet-nam\\\/\",\"name\":\"Ti\u1ec1m n\u0103ng ph\u00e1t tri\u1ec3n th\u1ecb tr\u01b0\u1eddng thang m\u00e1y t\u1ea1i Vi\u1ec7t Nam - VNE | Elevator\",\"isPartOf\":{\"@id\":\"https:\\\/\\\/vnelevator.com\\\/en\\\/#website\"},\"primaryImageOfPage\":{\"@id\":\"https:\\\/\\\/vnelevator.com\\\/tiem-nang-phat-trien-thi-truong-thang-may-tai-viet-nam\\\/#primaryimage\"},\"image\":{\"@id\":\"https:\\\/\\\/vnelevator.com\\\/tiem-nang-phat-trien-thi-truong-thang-may-tai-viet-nam\\\/#primaryimage\"},\"thumbnailUrl\":\"https:\\\/\\\/vnelevator.com\\\/wp-content\\\/uploads\\\/2025\\\/02\\\/istockphoto-139398949-612x612-1.jpg\",\"datePublished\":\"2025-02-23T03:35:48+00:00\",\"dateModified\":\"2025-04-05T02:41:31+00:00\",\"description\":\"T\u1ea1i sao Vi\u1ec7t Nam c\u00f3 ti\u1ec1m n\u0103ng ph\u00e1t tri\u1ec3n thang m\u00e1y m\u1ea1nh m\u1ebd v\u00e0 kh\u00f4ng ng\u1eebng m\u1edf r\u1ed9ng trong th\u1eddi gian g\u1ea7n \u0111\u00e2y?\",\"breadcrumb\":{\"@id\":\"https:\\\/\\\/vnelevator.com\\\/tiem-nang-phat-trien-thi-truong-thang-may-tai-viet-nam\\\/#breadcrumb\"},\"inLanguage\":\"en-US\",\"potentialAction\":[{\"@type\":\"ReadAction\",\"target\":[\"https:\\\/\\\/vnelevator.com\\\/tiem-nang-phat-trien-thi-truong-thang-may-tai-viet-nam\\\/\"]}]},{\"@type\":\"ImageObject\",\"inLanguage\":\"en-US\",\"@id\":\"https:\\\/\\\/vnelevator.com\\\/tiem-nang-phat-trien-thi-truong-thang-may-tai-viet-nam\\\/#primaryimage\",\"url\":\"https:\\\/\\\/vnelevator.com\\\/wp-content\\\/uploads\\\/2025\\\/02\\\/istockphoto-139398949-612x612-1.jpg\",\"contentUrl\":\"https:\\\/\\\/vnelevator.com\\\/wp-content\\\/uploads\\\/2025\\\/02\\\/istockphoto-139398949-612x612-1.jpg\",\"width\":407,\"height\":612,\"caption\":\"Elevator at the World Fashion Centre in Amsterdam\"},{\"@type\":\"BreadcrumbList\",\"@id\":\"https:\\\/\\\/vnelevator.com\\\/tiem-nang-phat-trien-thi-truong-thang-may-tai-viet-nam\\\/#breadcrumb\",\"itemListElement\":[{\"@type\":\"ListItem\",\"position\":1,\"name\":\"Trang ch\u1ee7\",\"item\":\"https:\\\/\\\/vnelevator.com\\\/\"},{\"@type\":\"ListItem\",\"position\":2,\"name\":\"Ti\u1ec1m n\u0103ng ph\u00e1t tri\u1ec3n th\u1ecb tr\u01b0\u1eddng thang m\u00e1y t\u1ea1i Vi\u1ec7t Nam\"}]},{\"@type\":\"WebSite\",\"@id\":\"https:\\\/\\\/vnelevator.com\\\/en\\\/#website\",\"url\":\"https:\\\/\\\/vnelevator.com\\\/en\\\/\",\"name\":\"VNE | Elevator\",\"description\":\"\",\"publisher\":{\"@id\":\"https:\\\/\\\/vnelevator.com\\\/en\\\/#organization\"},\"potentialAction\":[{\"@type\":\"SearchAction\",\"target\":{\"@type\":\"EntryPoint\",\"urlTemplate\":\"https:\\\/\\\/vnelevator.com\\\/en\\\/?s={search_term_string}\"},\"query-input\":{\"@type\":\"PropertyValueSpecification\",\"valueRequired\":true,\"valueName\":\"search_term_string\"}}],\"inLanguage\":\"en-US\"},{\"@type\":\"Organization\",\"@id\":\"https:\\\/\\\/vnelevator.com\\\/en\\\/#organization\",\"name\":\"VNE | Elevator\",\"url\":\"https:\\\/\\\/vnelevator.com\\\/en\\\/\",\"logo\":{\"@type\":\"ImageObject\",\"inLanguage\":\"en-US\",\"@id\":\"https:\\\/\\\/vnelevator.com\\\/en\\\/#\\\/schema\\\/logo\\\/image\\\/\",\"url\":\"https:\\\/\\\/vnelevator.com\\\/wp-content\\\/uploads\\\/2025\\\/02\\\/cropped-vne-elevator-icon-logo-01-512px.png\",\"contentUrl\":\"https:\\\/\\\/vnelevator.com\\\/wp-content\\\/uploads\\\/2025\\\/02\\\/cropped-vne-elevator-icon-logo-01-512px.png\",\"width\":512,\"height\":512,\"caption\":\"VNE | Elevator\"},\"image\":{\"@id\":\"https:\\\/\\\/vnelevator.com\\\/en\\\/#\\\/schema\\\/logo\\\/image\\\/\"}},{\"@type\":\"Person\",\"@id\":\"https:\\\/\\\/vnelevator.com\\\/en\\\/#\\\/schema\\\/person\\\/2b4d99c84f18acbcc513a4db8209fd74\",\"name\":\"ngochan\",\"image\":{\"@type\":\"ImageObject\",\"inLanguage\":\"en-US\",\"@id\":\"https:\\\/\\\/secure.gravatar.com\\\/avatar\\\/6db0c66b2648c1664fe59b19c894d956d8cbd2ab68e842caa0b6d0a1d39626d0?s=96&d=mm&r=g\",\"url\":\"https:\\\/\\\/secure.gravatar.com\\\/avatar\\\/6db0c66b2648c1664fe59b19c894d956d8cbd2ab68e842caa0b6d0a1d39626d0?s=96&d=mm&r=g\",\"contentUrl\":\"https:\\\/\\\/secure.gravatar.com\\\/avatar\\\/6db0c66b2648c1664fe59b19c894d956d8cbd2ab68e842caa0b6d0a1d39626d0?s=96&d=mm&r=g\",\"caption\":\"ngochan\"},\"url\":\"https:\\\/\\\/vnelevator.com\\\/en\\\/author\\\/ngochan\\\/\"}]}<\/script>\n<!-- \/ Yoast SEO Premium plugin. -->","yoast_head_json":{"title":"Ti\u1ec1m n\u0103ng ph\u00e1t tri\u1ec3n th\u1ecb tr\u01b0\u1eddng thang m\u00e1y t\u1ea1i Vi\u1ec7t Nam - VNE | Elevator","description":"T\u1ea1i sao Vi\u1ec7t Nam c\u00f3 ti\u1ec1m n\u0103ng ph\u00e1t tri\u1ec3n thang m\u00e1y m\u1ea1nh m\u1ebd v\u00e0 kh\u00f4ng ng\u1eebng m\u1edf r\u1ed9ng trong th\u1eddi gian g\u1ea7n \u0111\u00e2y?","robots":{"index":"index","follow":"follow","max-snippet":"max-snippet:-1","max-image-preview":"max-image-preview:large","max-video-preview":"max-video-preview:-1"},"canonical":"https:\/\/vnelevator.com\/en\/tiem-nang-phat-trien-thi-truong-thang-may-tai-viet-nam\/","og_locale":"en_US","og_type":"article","og_title":"Ti\u1ec1m n\u0103ng ph\u00e1t tri\u1ec3n th\u1ecb tr\u01b0\u1eddng thang m\u00e1y t\u1ea1i Vi\u1ec7t Nam","og_description":"T\u1ea1i sao Vi\u1ec7t Nam c\u00f3 ti\u1ec1m n\u0103ng ph\u00e1t tri\u1ec3n thang m\u00e1y m\u1ea1nh m\u1ebd v\u00e0 kh\u00f4ng ng\u1eebng m\u1edf r\u1ed9ng trong th\u1eddi gian g\u1ea7n \u0111\u00e2y?","og_url":"https:\/\/vnelevator.com\/en\/tiem-nang-phat-trien-thi-truong-thang-may-tai-viet-nam\/","og_site_name":"VNE | Elevator","article_published_time":"2025-02-23T03:35:48+00:00","article_modified_time":"2025-04-05T02:41:31+00:00","og_image":[{"width":407,"height":612,"url":"https:\/\/vnelevator.com\/wp-content\/uploads\/2025\/02\/istockphoto-139398949-612x612-1.jpg","type":"image\/jpeg"}],"author":"ngochan","twitter_card":"summary_large_image","twitter_misc":{"Written by":"ngochan","Est. reading time":"6 minutes"},"schema":{"@context":"https:\/\/schema.org","@graph":[{"@type":"Article","@id":"https:\/\/vnelevator.com\/tiem-nang-phat-trien-thi-truong-thang-may-tai-viet-nam\/#article","isPartOf":{"@id":"https:\/\/vnelevator.com\/tiem-nang-phat-trien-thi-truong-thang-may-tai-viet-nam\/"},"author":{"name":"ngochan","@id":"https:\/\/vnelevator.com\/en\/#\/schema\/person\/2b4d99c84f18acbcc513a4db8209fd74"},"headline":"Ti\u1ec1m n\u0103ng ph\u00e1t tri\u1ec3n th\u1ecb tr\u01b0\u1eddng thang m\u00e1y t\u1ea1i Vi\u1ec7t Nam","datePublished":"2025-02-23T03:35:48+00:00","dateModified":"2025-04-05T02:41:31+00:00","mainEntityOfPage":{"@id":"https:\/\/vnelevator.com\/tiem-nang-phat-trien-thi-truong-thang-may-tai-viet-nam\/"},"wordCount":1371,"commentCount":0,"publisher":{"@id":"https:\/\/vnelevator.com\/en\/#organization"},"image":{"@id":"https:\/\/vnelevator.com\/tiem-nang-phat-trien-thi-truong-thang-may-tai-viet-nam\/#primaryimage"},"thumbnailUrl":"https:\/\/vnelevator.com\/wp-content\/uploads\/2025\/02\/istockphoto-139398949-612x612-1.jpg","keywords":["apartment elevator","elevator","homelift elevator","market growth"],"articleSection":["Ch\u01b0a ph\u00e2n lo\u1ea1i"],"inLanguage":"en-US","potentialAction":[{"@type":"CommentAction","name":"Comment","target":["https:\/\/vnelevator.com\/tiem-nang-phat-trien-thi-truong-thang-may-tai-viet-nam\/#respond"]}]},{"@type":"WebPage","@id":"https:\/\/vnelevator.com\/tiem-nang-phat-trien-thi-truong-thang-may-tai-viet-nam\/","url":"https:\/\/vnelevator.com\/tiem-nang-phat-trien-thi-truong-thang-may-tai-viet-nam\/","name":"Ti\u1ec1m n\u0103ng ph\u00e1t tri\u1ec3n th\u1ecb tr\u01b0\u1eddng thang m\u00e1y t\u1ea1i Vi\u1ec7t Nam - VNE | Elevator","isPartOf":{"@id":"https:\/\/vnelevator.com\/en\/#website"},"primaryImageOfPage":{"@id":"https:\/\/vnelevator.com\/tiem-nang-phat-trien-thi-truong-thang-may-tai-viet-nam\/#primaryimage"},"image":{"@id":"https:\/\/vnelevator.com\/tiem-nang-phat-trien-thi-truong-thang-may-tai-viet-nam\/#primaryimage"},"thumbnailUrl":"https:\/\/vnelevator.com\/wp-content\/uploads\/2025\/02\/istockphoto-139398949-612x612-1.jpg","datePublished":"2025-02-23T03:35:48+00:00","dateModified":"2025-04-05T02:41:31+00:00","description":"T\u1ea1i sao Vi\u1ec7t Nam c\u00f3 ti\u1ec1m n\u0103ng ph\u00e1t tri\u1ec3n thang m\u00e1y m\u1ea1nh m\u1ebd v\u00e0 kh\u00f4ng ng\u1eebng m\u1edf r\u1ed9ng trong th\u1eddi gian g\u1ea7n \u0111\u00e2y?","breadcrumb":{"@id":"https:\/\/vnelevator.com\/tiem-nang-phat-trien-thi-truong-thang-may-tai-viet-nam\/#breadcrumb"},"inLanguage":"en-US","potentialAction":[{"@type":"ReadAction","target":["https:\/\/vnelevator.com\/tiem-nang-phat-trien-thi-truong-thang-may-tai-viet-nam\/"]}]},{"@type":"ImageObject","inLanguage":"en-US","@id":"https:\/\/vnelevator.com\/tiem-nang-phat-trien-thi-truong-thang-may-tai-viet-nam\/#primaryimage","url":"https:\/\/vnelevator.com\/wp-content\/uploads\/2025\/02\/istockphoto-139398949-612x612-1.jpg","contentUrl":"https:\/\/vnelevator.com\/wp-content\/uploads\/2025\/02\/istockphoto-139398949-612x612-1.jpg","width":407,"height":612,"caption":"Elevator at the World Fashion Centre in Amsterdam"},{"@type":"BreadcrumbList","@id":"https:\/\/vnelevator.com\/tiem-nang-phat-trien-thi-truong-thang-may-tai-viet-nam\/#breadcrumb","itemListElement":[{"@type":"ListItem","position":1,"name":"Trang ch\u1ee7","item":"https:\/\/vnelevator.com\/"},{"@type":"ListItem","position":2,"name":"Ti\u1ec1m n\u0103ng ph\u00e1t tri\u1ec3n th\u1ecb tr\u01b0\u1eddng thang m\u00e1y t\u1ea1i Vi\u1ec7t Nam"}]},{"@type":"WebSite","@id":"https:\/\/vnelevator.com\/en\/#website","url":"https:\/\/vnelevator.com\/en\/","name":"VNE | Elevator","description":"","publisher":{"@id":"https:\/\/vnelevator.com\/en\/#organization"},"potentialAction":[{"@type":"SearchAction","target":{"@type":"EntryPoint","urlTemplate":"https:\/\/vnelevator.com\/en\/?s={search_term_string}"},"query-input":{"@type":"PropertyValueSpecification","valueRequired":true,"valueName":"search_term_string"}}],"inLanguage":"en-US"},{"@type":"Organization","@id":"https:\/\/vnelevator.com\/en\/#organization","name":"VNE | Elevator","url":"https:\/\/vnelevator.com\/en\/","logo":{"@type":"ImageObject","inLanguage":"en-US","@id":"https:\/\/vnelevator.com\/en\/#\/schema\/logo\/image\/","url":"https:\/\/vnelevator.com\/wp-content\/uploads\/2025\/02\/cropped-vne-elevator-icon-logo-01-512px.png","contentUrl":"https:\/\/vnelevator.com\/wp-content\/uploads\/2025\/02\/cropped-vne-elevator-icon-logo-01-512px.png","width":512,"height":512,"caption":"VNE | Elevator"},"image":{"@id":"https:\/\/vnelevator.com\/en\/#\/schema\/logo\/image\/"}},{"@type":"Person","@id":"https:\/\/vnelevator.com\/en\/#\/schema\/person\/2b4d99c84f18acbcc513a4db8209fd74","name":"ngochan","image":{"@type":"ImageObject","inLanguage":"en-US","@id":"https:\/\/secure.gravatar.com\/avatar\/6db0c66b2648c1664fe59b19c894d956d8cbd2ab68e842caa0b6d0a1d39626d0?s=96&d=mm&r=g","url":"https:\/\/secure.gravatar.com\/avatar\/6db0c66b2648c1664fe59b19c894d956d8cbd2ab68e842caa0b6d0a1d39626d0?s=96&d=mm&r=g","contentUrl":"https:\/\/secure.gravatar.com\/avatar\/6db0c66b2648c1664fe59b19c894d956d8cbd2ab68e842caa0b6d0a1d39626d0?s=96&d=mm&r=g","caption":"ngochan"},"url":"https:\/\/vnelevator.com\/en\/author\/ngochan\/"}]}},"_links":{"self":[{"href":"https:\/\/vnelevator.com\/en\/wp-json\/wp\/v2\/posts\/1416","targetHints":{"allow":["GET"]}}],"collection":[{"href":"https:\/\/vnelevator.com\/en\/wp-json\/wp\/v2\/posts"}],"about":[{"href":"https:\/\/vnelevator.com\/en\/wp-json\/wp\/v2\/types\/post"}],"author":[{"embeddable":true,"href":"https:\/\/vnelevator.com\/en\/wp-json\/wp\/v2\/users\/7"}],"replies":[{"embeddable":true,"href":"https:\/\/vnelevator.com\/en\/wp-json\/wp\/v2\/comments?post=1416"}],"version-history":[{"count":1,"href":"https:\/\/vnelevator.com\/en\/wp-json\/wp\/v2\/posts\/1416\/revisions"}],"predecessor-version":[{"id":1417,"href":"https:\/\/vnelevator.com\/en\/wp-json\/wp\/v2\/posts\/1416\/revisions\/1417"}],"wp:featuredmedia":[{"embeddable":true,"href":"https:\/\/vnelevator.com\/en\/wp-json\/wp\/v2\/media\/1241"}],"wp:attachment":[{"href":"https:\/\/vnelevator.com\/en\/wp-json\/wp\/v2\/media?parent=1416"}],"wp:term":[{"taxonomy":"category","embeddable":true,"href":"https:\/\/vnelevator.com\/en\/wp-json\/wp\/v2\/categories?post=1416"},{"taxonomy":"post_tag","embeddable":true,"href":"https:\/\/vnelevator.com\/en\/wp-json\/wp\/v2\/tags?post=1416"}],"curies":[{"name":"wp","href":"https:\/\/api.w.org\/{rel}","templated":true}]}}